{"id":5351,"date":"2026-04-28T15:17:34","date_gmt":"2026-04-28T13:17:34","guid":{"rendered":"https:\/\/www.tc-weier.de\/cms\/?p=5351"},"modified":"2026-04-28T15:17:35","modified_gmt":"2026-04-28T13:17:35","slug":"saisoneroeffnung-2026","status":"publish","type":"post","link":"https:\/\/www.tc-weier.de\/cms\/2026\/04\/28\/saisoneroeffnung-2026\/","title":{"rendered":"Saisoner\u00f6ffnung 2026"},"content":{"rendered":"\n<p><\/p>\n\n\n\n<p><\/p>\n\n\n\n<p>Saisoner\u00f6ffnung 2026<\/p>\n\n\n\n<p>Saisoner\u00f6ffnung 2026 beim TC Weier e.V.. Bei bestem Kaiserwetter er\u00f6ffnete der TC Weier am Sonntag, den 26. April 2026, offiziell die neue Tennissaison. Zahlreiche Mitglieder fanden den Weg auf die Anlage und sorgten f\u00fcr einen rundum gelungenen Start in das Tennisjahr. In seiner Ansprache lobte Winfried Mantwill besonders das Technikteam um Daniel Haller, das die Anlage  hervorragend f\u00fcr die Saison vorbereitet hat. Gleichzeitig blickte er voller Vorfreude auf die kommenden Monate und stellte wichtige Neuerungen vor. Dazu z\u00e4hlen unter anderem die Platzbuchungs-App sowie ein neuer Kinderspielplatz. Auch die verbesserte Kommunikation \u00fcber die Vereins-App wurde hervorgehoben. Ein besonderes Highlight k\u00fcndigte er ebenfalls an: Am 11 Juli findet nicht nur das gro\u00dfe Sommerfest statt, sondern mit dem neuen Spielmodus der Dorfmeisterschaft.\u00a0<\/p>\n\n\n\n<p>Schriftf\u00fchrer Michael Bro\u00df berichtete \u00fcber die gro\u00dfe Anzahl von Spieler\/Spielerin die sich zum Training bei der Tennisschule Alexander Volkov angemeldet Haben. Alex wird auch immer Freitags auf unserer Anlage Trainingsstunden geben wer Interesse hat kann sich gerne melden bei Alexander oder einem Vorstandsmitglied.<\/p>\n\n\n\n<p><\/p>\n\n\n\n<p>Daniel Haller gab zudem Einblicke in den Werdegang der neuen Vereins-App und informierte die Mitglieder \u00fcber die darin integrierten  Tennis-Tipps, die k\u00fcnftig f\u00fcr noch mehr Service und \u00dcbersicht im Vereinsleben sorgen. Demn\u00e4chst gibt es einen neuen Flyer wo die Genaue Anwendung der App  beschrieben ist. Bis in den sp\u00e4ten Nachmittag hinein herrschte reges Treiben auf der Anlage.\u00a0<\/p>\n\n\n\n<p>Viele Mitglieder blieben noch lange zusammen, nutzten die Gelegenheit f\u00fcr gute Gespr\u00e4che und genossen die gemeinsame Zeit in entspannter Atmosph\u00e4re. Kulinarisch bracht jeder sein Grillgut mit Salate wurden von einzelnen Mitglieder bereitgestellt.   Insgesamt war die Saisoner\u00f6ffnung ein voller Erfolg und machte gro\u00dfe Lust auf eine spannende und ereignisreiche Tennissaison 2026.<\/p>\n","protected":false},"excerpt":{"rendered":"<p>Saisoner\u00f6ffnung 2026 Saisoner\u00f6ffnung 2026 beim TC Weier e.V.. Bei bestem Kaiserwetter er\u00f6ffnete der TC Weier am Sonntag, den 26. April 2026, offiziell die neue Tennissaison. Zahlreiche Mitglieder fanden den Weg auf die Anlage und sorgten f\u00fcr einen rundum gelungenen Start in das Tennisjahr. In seiner Ansprache lobte Winfried Mantwill besonders [&hellip;]<\/p>\n","protected":false},"author":2,"featured_media":0,"comment_status":"closed","ping_status":"closed","sticky":false,"template":"","format":"standard","meta":{"ngg_post_thumbnail":0,"_themeisle_gutenberg_block_has_review":false,"footnotes":""},"categories":[1],"tags":[],"class_list":["post-5351","post","type-post","status-publish","format-standard","hentry","category-allgemein"],"_links":{"self":[{"href":"https:\/\/www.tc-weier.de\/cms\/wp-json\/wp\/v2\/posts\/5351","targetHints":{"allow":["GET"]}}],"collection":[{"href":"https:\/\/www.tc-weier.de\/cms\/wp-json\/wp\/v2\/posts"}],"about":[{"href":"https:\/\/www.tc-weier.de\/cms\/wp-json\/wp\/v2\/types\/post"}],"author":[{"embeddable":true,"href":"https:\/\/www.tc-weier.de\/cms\/wp-json\/wp\/v2\/users\/2"}],"replies":[{"embeddable":true,"href":"https:\/\/www.tc-weier.de\/cms\/wp-json\/wp\/v2\/comments?post=5351"}],"version-history":[{"count":1,"href":"https:\/\/www.tc-weier.de\/cms\/wp-json\/wp\/v2\/posts\/5351\/revisions"}],"predecessor-version":[{"id":5352,"href":"https:\/\/www.tc-weier.de\/cms\/wp-json\/wp\/v2\/posts\/5351\/revisions\/5352"}],"wp:attachment":[{"href":"https:\/\/www.tc-weier.de\/cms\/wp-json\/wp\/v2\/media?parent=5351"}],"wp:term":[{"taxonomy":"category","embeddable":true,"href":"https:\/\/www.tc-weier.de\/cms\/wp-json\/wp\/v2\/categories?post=5351"},{"taxonomy":"post_tag","embeddable":true,"href":"https:\/\/www.tc-weier.de\/cms\/wp-json\/wp\/v2\/tags?post=5351"}],"curies":[{"name":"wp","href":"https:\/\/api.w.org\/{rel}","templated":true}]}}